{"id":643,"date":"2021-03-09T16:07:12","date_gmt":"2021-03-09T15:07:12","guid":{"rendered":"https:\/\/paolocasagrande.com\/paolo-casagrande-participa-en-chefs-la-nueva-campana-de-estrella-damm\/"},"modified":"2022-10-05T13:41:05","modified_gmt":"2022-10-05T11:41:05","slug":"paolo-casagrande-participa-en-chefs-la-nueva-campana-de-estrella-damm","status":"publish","type":"post","link":"https:\/\/paolocasagrande.com\/it\/paolo-casagrande-participa-en-chefs-la-nueva-campana-de-estrella-damm\/","title":{"rendered":"Paolo Casagrande participa en &#8220;Chefs&#8221;, la nueva campa\u00f1a de Estrella Damm"},"content":{"rendered":"\n<p>Estrella Damm ha lanzado su nueva campa\u00f1a de publicidad, un canto en favor de la restauranci\u00f3n, sector duramente castigado por la crisis del Covid-19.<\/p>\n\n<p>La nueva campa\u00f1a est\u00e1 protagonizada por m\u00e1s de 30 chefs y fue grabada en la Costa Brava. <\/p>\n\n<figure class=\"wp-block-embed is-type-video is-provider-youtube wp-block-embed-youtube wp-embed-aspect-16-9 wp-has-aspect-ratio\"><div class=\"wp-block-embed__wrapper\">\n<iframe loading=\"lazy\" title=\"\u201cCHEFS\u201d, con Ferran Adri\u00e0, Joan Roca, Dabiz Mu\u00f1oz y muchos m\u00e1s. Estrella Damm 2021\" width=\"640\" height=\"360\" src=\"https:\/\/www.youtube.com\/embed\/qWEk5tDIEt4?feature=oembed\" frameborder=\"0\" allow=\"accelerometer; autoplay; clipboard-write; encrypted-media; gyroscope; picture-in-picture\" allowfullscreen><\/iframe>\n<\/div><\/figure>\n\n<p><\/p>\n","protected":false},"excerpt":{"rendered":"<p>Estrella Damm ha lanzado su nueva campa\u00f1a de publicidad, un canto en favor de la restauranci\u00f3n, sector duramente castigado por la crisis del Covid-19. La nueva campa\u00f1a est\u00e1 protagonizada por m\u00e1s de 30 chefs y fue grabada en la Costa Brava.<\/p>\n","protected":false},"author":2,"featured_media":957,"comment_status":"open","ping_status":"open","sticky":false,"template":"","format":"standard","meta":[],"categories":[],"tags":[],"acf":[],"yoast_head":"<!-- This site is optimized with the Yoast SEO plugin v19.8 - https:\/\/yoast.com\/wordpress\/plugins\/seo\/ -->\n<title>Paolo Casagrande participa en &quot;Chefs&quot;, la nueva campa\u00f1a de Estrella Damm - Paolo Casagrande<\/title>\n<meta name=\"robots\" content=\"index, follow, max-snippet:-1, max-image-preview:large, max-video-preview:-1\" \/>\n<link rel=\"canonical\" href=\"https:\/\/paolocasagrande.com\/it\/paolo-casagrande-participa-en-chefs-la-nueva-campana-de-estrella-damm\/\" \/>\n<meta property=\"og:locale\" content=\"it_IT\" \/>\n<meta property=\"og:type\" content=\"article\" \/>\n<meta property=\"og:title\" content=\"Paolo Casagrande participa en &quot;Chefs&quot;, la nueva campa\u00f1a de Estrella Damm - Paolo Casagrande\" \/>\n<meta property=\"og:description\" content=\"Estrella Damm ha lanzado su nueva campa\u00f1a de publicidad, un canto en favor de la restauranci\u00f3n, sector duramente castigado por la crisis del Covid-19. La nueva campa\u00f1a est\u00e1 protagonizada por m\u00e1s de 30 chefs y fue grabada en la Costa Brava.\" \/>\n<meta property=\"og:url\" content=\"https:\/\/paolocasagrande.com\/it\/paolo-casagrande-participa-en-chefs-la-nueva-campana-de-estrella-damm\/\" \/>\n<meta property=\"og:site_name\" content=\"Paolo Casagrande\" \/>\n<meta property=\"article:published_time\" content=\"2021-03-09T15:07:12+00:00\" \/>\n<meta property=\"article:modified_time\" content=\"2022-10-05T11:41:05+00:00\" \/>\n<meta property=\"og:image\" content=\"https:\/\/paolocasagrande.com\/wp-content\/uploads\/2024\/07\/131545059_740434559921032_1336941161901811529_n.jpg\" \/>\n\t<meta property=\"og:image:width\" content=\"1080\" \/>\n\t<meta property=\"og:image:height\" content=\"1249\" \/>\n\t<meta property=\"og:image:type\" content=\"image\/jpeg\" \/>\n<meta name=\"author\" content=\"Paolo Casagrande\" \/>\n<meta name=\"twitter:card\" content=\"summary_large_image\" \/>\n<meta name=\"twitter:label1\" content=\"Scritto da\" \/>\n\t<meta name=\"twitter:data1\" content=\"Paolo Casagrande\" \/>\n<script type=\"application\/ld+json\" class=\"yoast-schema-graph\">{\"@context\":\"https:\/\/schema.org\",\"@graph\":[{\"@type\":\"WebPage\",\"@id\":\"https:\/\/paolocasagrande.com\/it\/paolo-casagrande-participa-en-chefs-la-nueva-campana-de-estrella-damm\/\",\"url\":\"https:\/\/paolocasagrande.com\/it\/paolo-casagrande-participa-en-chefs-la-nueva-campana-de-estrella-damm\/\",\"name\":\"Paolo Casagrande participa en \\\"Chefs\\\", la nueva campa\u00f1a de Estrella Damm - Paolo Casagrande\",\"isPartOf\":{\"@id\":\"https:\/\/paolocasagrande.com\/it\/#website\"},\"datePublished\":\"2021-03-09T15:07:12+00:00\",\"dateModified\":\"2022-10-05T11:41:05+00:00\",\"author\":{\"@id\":\"https:\/\/paolocasagrande.com\/it\/#\/schema\/person\/5a4003a059fd31ef4c17e9c0f1512b3b\"},\"breadcrumb\":{\"@id\":\"https:\/\/paolocasagrande.com\/it\/paolo-casagrande-participa-en-chefs-la-nueva-campana-de-estrella-damm\/#breadcrumb\"},\"inLanguage\":\"it-IT\",\"potentialAction\":[{\"@type\":\"ReadAction\",\"target\":[\"https:\/\/paolocasagrande.com\/it\/paolo-casagrande-participa-en-chefs-la-nueva-campana-de-estrella-damm\/\"]}]},{\"@type\":\"BreadcrumbList\",\"@id\":\"https:\/\/paolocasagrande.com\/it\/paolo-casagrande-participa-en-chefs-la-nueva-campana-de-estrella-damm\/#breadcrumb\",\"itemListElement\":[{\"@type\":\"ListItem\",\"position\":1,\"name\":\"Portada\",\"item\":\"https:\/\/paolocasagrande.com\/it\/\"},{\"@type\":\"ListItem\",\"position\":2,\"name\":\"Paolo Casagrande participa en \u00abChefs\u00bb, la nueva campa\u00f1a de Estrella Damm\"}]},{\"@type\":\"WebSite\",\"@id\":\"https:\/\/paolocasagrande.com\/it\/#website\",\"url\":\"https:\/\/paolocasagrande.com\/it\/\",\"name\":\"Paolo Casagrande\",\"description\":\"El cocinero de las emociones\",\"potentialAction\":[{\"@type\":\"SearchAction\",\"target\":{\"@type\":\"EntryPoint\",\"urlTemplate\":\"https:\/\/paolocasagrande.com\/it\/?s={search_term_string}\"},\"query-input\":\"required name=search_term_string\"}],\"inLanguage\":\"it-IT\"},{\"@type\":\"Person\",\"@id\":\"https:\/\/paolocasagrande.com\/it\/#\/schema\/person\/5a4003a059fd31ef4c17e9c0f1512b3b\",\"name\":\"Paolo Casagrande\",\"url\":\"https:\/\/paolocasagrande.com\/it\/author\/paolo-casagrande\/\"}]}<\/script>\n<!-- \/ Yoast SEO plugin. -->","yoast_head_json":{"title":"Paolo Casagrande participa en \"Chefs\", la nueva campa\u00f1a de Estrella Damm - Paolo Casagrande","robots":{"index":"index","follow":"follow","max-snippet":"max-snippet:-1","max-image-preview":"max-image-preview:large","max-video-preview":"max-video-preview:-1"},"canonical":"https:\/\/paolocasagrande.com\/it\/paolo-casagrande-participa-en-chefs-la-nueva-campana-de-estrella-damm\/","og_locale":"it_IT","og_type":"article","og_title":"Paolo Casagrande participa en \"Chefs\", la nueva campa\u00f1a de Estrella Damm - Paolo Casagrande","og_description":"Estrella Damm ha lanzado su nueva campa\u00f1a de publicidad, un canto en favor de la restauranci\u00f3n, sector duramente castigado por la crisis del Covid-19. La nueva campa\u00f1a est\u00e1 protagonizada por m\u00e1s de 30 chefs y fue grabada en la Costa Brava.","og_url":"https:\/\/paolocasagrande.com\/it\/paolo-casagrande-participa-en-chefs-la-nueva-campana-de-estrella-damm\/","og_site_name":"Paolo Casagrande","article_published_time":"2021-03-09T15:07:12+00:00","article_modified_time":"2022-10-05T11:41:05+00:00","og_image":[{"width":1080,"height":1249,"url":"https:\/\/paolocasagrande.com\/wp-content\/uploads\/2024\/07\/131545059_740434559921032_1336941161901811529_n.jpg","type":"image\/jpeg"}],"author":"Paolo Casagrande","twitter_card":"summary_large_image","twitter_misc":{"Scritto da":"Paolo Casagrande"},"schema":{"@context":"https:\/\/schema.org","@graph":[{"@type":"WebPage","@id":"https:\/\/paolocasagrande.com\/it\/paolo-casagrande-participa-en-chefs-la-nueva-campana-de-estrella-damm\/","url":"https:\/\/paolocasagrande.com\/it\/paolo-casagrande-participa-en-chefs-la-nueva-campana-de-estrella-damm\/","name":"Paolo Casagrande participa en \"Chefs\", la nueva campa\u00f1a de Estrella Damm - Paolo Casagrande","isPartOf":{"@id":"https:\/\/paolocasagrande.com\/it\/#website"},"datePublished":"2021-03-09T15:07:12+00:00","dateModified":"2022-10-05T11:41:05+00:00","author":{"@id":"https:\/\/paolocasagrande.com\/it\/#\/schema\/person\/5a4003a059fd31ef4c17e9c0f1512b3b"},"breadcrumb":{"@id":"https:\/\/paolocasagrande.com\/it\/paolo-casagrande-participa-en-chefs-la-nueva-campana-de-estrella-damm\/#breadcrumb"},"inLanguage":"it-IT","potentialAction":[{"@type":"ReadAction","target":["https:\/\/paolocasagrande.com\/it\/paolo-casagrande-participa-en-chefs-la-nueva-campana-de-estrella-damm\/"]}]},{"@type":"BreadcrumbList","@id":"https:\/\/paolocasagrande.com\/it\/paolo-casagrande-participa-en-chefs-la-nueva-campana-de-estrella-damm\/#breadcrumb","itemListElement":[{"@type":"ListItem","position":1,"name":"Portada","item":"https:\/\/paolocasagrande.com\/it\/"},{"@type":"ListItem","position":2,"name":"Paolo Casagrande participa en \u00abChefs\u00bb, la nueva campa\u00f1a de Estrella Damm"}]},{"@type":"WebSite","@id":"https:\/\/paolocasagrande.com\/it\/#website","url":"https:\/\/paolocasagrande.com\/it\/","name":"Paolo Casagrande","description":"El cocinero de las emociones","potentialAction":[{"@type":"SearchAction","target":{"@type":"EntryPoint","urlTemplate":"https:\/\/paolocasagrande.com\/it\/?s={search_term_string}"},"query-input":"required name=search_term_string"}],"inLanguage":"it-IT"},{"@type":"Person","@id":"https:\/\/paolocasagrande.com\/it\/#\/schema\/person\/5a4003a059fd31ef4c17e9c0f1512b3b","name":"Paolo Casagrande","url":"https:\/\/paolocasagrande.com\/it\/author\/paolo-casagrande\/"}]}},"_links":{"self":[{"href":"https:\/\/paolocasagrande.com\/it\/wp-json\/wp\/v2\/posts\/643"}],"collection":[{"href":"https:\/\/paolocasagrande.com\/it\/wp-json\/wp\/v2\/posts"}],"about":[{"href":"https:\/\/paolocasagrande.com\/it\/wp-json\/wp\/v2\/types\/post"}],"author":[{"embeddable":true,"href":"https:\/\/paolocasagrande.com\/it\/wp-json\/wp\/v2\/users\/2"}],"replies":[{"embeddable":true,"href":"https:\/\/paolocasagrande.com\/it\/wp-json\/wp\/v2\/comments?post=643"}],"version-history":[{"count":1,"href":"https:\/\/paolocasagrande.com\/it\/wp-json\/wp\/v2\/posts\/643\/revisions"}],"predecessor-version":[{"id":652,"href":"https:\/\/paolocasagrande.com\/it\/wp-json\/wp\/v2\/posts\/643\/revisions\/652"}],"wp:featuredmedia":[{"embeddable":true,"href":"https:\/\/paolocasagrande.com\/it\/wp-json\/wp\/v2\/media\/957"}],"wp:attachment":[{"href":"https:\/\/paolocasagrande.com\/it\/wp-json\/wp\/v2\/media?parent=643"}],"wp:term":[{"taxonomy":"category","embeddable":true,"href":"https:\/\/paolocasagrande.com\/it\/wp-json\/wp\/v2\/categories?post=643"},{"taxonomy":"post_tag","embeddable":true,"href":"https:\/\/paolocasagrande.com\/it\/wp-json\/wp\/v2\/tags?post=643"}],"curies":[{"name":"wp","href":"https:\/\/api.w.org\/{rel}","templated":true}]}}